{"id":125,"date":"2022-08-01T12:57:39","date_gmt":"2022-08-01T12:57:39","guid":{"rendered":"https:\/\/www.eletrocarv.com.br\/blog\/?p=125"},"modified":"2022-08-05T12:25:49","modified_gmt":"2022-08-05T12:25:49","slug":"geracao-transmissao-e-distribuicao-de-energia-eletrica","status":"publish","type":"post","link":"https:\/\/www.eletrocarv.com.br\/blog\/geracao-transmissao-e-distribuicao-de-energia-eletrica\/","title":{"rendered":"Gera\u00e7\u00e3o, transmiss\u00e3o e distribui\u00e7\u00e3o de energia el\u00e9trica"},"content":{"rendered":"<p>A energia el\u00e9trica \u00e9 considerada fundamental para que qualquer pessoa possa viver bem nos dias atuais, afinal, voc\u00ea j\u00e1 se imaginou vivendo sem a ajuda da eletricidade? Praticamente imposs\u00edvel.<\/p>\n<p>Mas voc\u00ea tem o conhecimento sobre todo o processo que permite voc\u00ea a ter eletricidade na tomada da sua casa? Pois ent\u00e3o veja mais sobre o que \u00e9 este processo, como ele funciona e como a eletricidade chega at\u00e9 voc\u00ea!<\/p>\n<h1><\/h1>\n<h1>O que \u00e9 e como funciona a energia el\u00e9trica<\/h1>\n<p>A energia el\u00e9trica \u00e9 a capacidade de trabalho de uma corrente el\u00e9trica e funciona atrav\u00e9s da convers\u00e3o de energia por meio de diversos combust\u00edveis, sejam eles gerados pela for\u00e7a da \u00e1gua, do vento ou pela luz solar. No Brasil, a forma de gera\u00e7\u00e3o de eletricidade mais comum \u00e9 pela for\u00e7a da \u00e1gua movimentando turbinas (energia h\u00eddrica).<\/p>\n<p>Dessa forma, h\u00e1 o represamento da \u00e1gua para definir um desn\u00edvel e envi\u00e1-la \u00e0s turbinas a fim de realizar a convers\u00e3o de energia dispon\u00edvel em eletricidade, que ser\u00e1 distribu\u00edda para consumo.<\/p>\n<p>Al\u00e9m disso, existem outras formas de gera\u00e7\u00e3o de energia el\u00e9trica, como a partir das fontes alternativas. Como \u00e9 o caso da energia solar fotovoltaica, que realiza a capta\u00e7\u00e3o da luz do sol e a converte em eletricidade de modo limpo e renov\u00e1vel.<\/p>\n<p>&nbsp;<\/p>\n<h1>Como \u00e9 feita a distribui\u00e7\u00e3o de energia el\u00e9trica no Brasil?<\/h1>\n<p>A distribui\u00e7\u00e3o de energia el\u00e9trica no Brasil \u00e9 feita por meio da integra\u00e7\u00e3o da produ\u00e7\u00e3o, transmiss\u00e3o e distribui\u00e7\u00e3o ao consumidor final. Essa integra\u00e7\u00e3o \u00e9 motivada pela industrializa\u00e7\u00e3o e urbaniza\u00e7\u00e3o, pelo aumento da demanda e pela origem das hidrel\u00e9tricas.<\/p>\n<p>As redes de distribui\u00e7\u00e3o s\u00e3o divididas em:<\/p>\n<ul>\n<li>Redes El\u00e9tricas Prim\u00e1rias: redes de distribui\u00e7\u00e3o de m\u00e9dia tens\u00e3o que atende empresas e ind\u00fastrias de m\u00e9dios e grandes portes.<\/li>\n<\/ul>\n<p>&nbsp;<\/p>\n<ul>\n<li>Redes El\u00e9tricas Secund\u00e1rias: redes de distribui\u00e7\u00e3o de baixa tens\u00e3o que atendem consumidores residenciais, pequenos estabelecimentos comerciais e ilumina\u00e7\u00e3o p\u00fablica.<\/li>\n<\/ul>\n<p>&nbsp;<\/p>\n<p>\u00c9 estimado que 85% das unidades consumidoras s\u00e3o residenciais, mas que 35% do consumo de energia el\u00e9trica no Pa\u00eds s\u00e3o de responsabilidade das ind\u00fastrias.<\/p>\n<p>&nbsp;<\/p>\n<h2>Equipamentos para distribui\u00e7\u00e3o el\u00e9trica<\/h2>\n<p>Para conseguir distribuir a energia el\u00e9trica, as empresas concession\u00e1rias passam a energia por transformadores \u2013 equipamentos que s\u00e3o instalados em postes. Os transformadores s\u00e3o divididos em monof\u00e1sicos, bif\u00e1sicos e trif\u00e1sicos. A escolha mais adequada depende da necessidade de cada estabelecimento \u2013 seja residencial, comercial ou industrial. A diferen\u00e7a entre eles est\u00e1 na quantidade de fios utilizados para fazer a liga\u00e7\u00e3o entre o equipamento e o local abastecido e na pot\u00eancia fornecida.<\/p>\n<p>Quando o transformador \u00e9 monof\u00e1sico, a liga\u00e7\u00e3o \u00e9 feita apenas com dois fios (uma fase e um neutro). A instala\u00e7\u00e3o proporciona tens\u00f5es el\u00e9tricas m\u00e1ximas de 127 V e s\u00f3 \u00e9 utilizada quando a pot\u00eancia m\u00e1xima de todos os equipamentos residenciais chega a 8000 watts. As redes bif\u00e1sicas s\u00e3o instaladas apenas em zonas rurais. Sua liga\u00e7\u00e3o \u00e9 realizada por meio de tr\u00eas fios (duas fases e um neutro) e proporciona tens\u00f5es el\u00e9tricas de 127 V e 220 V, que devem ser utilizados quando a pot\u00eancia total dos equipamentos ligados \u00e0 rede vai de 12000 watts at\u00e9 25000 watts. Por fim, a rede de fornecimento trif\u00e1sico \u00e9 feita por quatro fios (tr\u00eas fases e um neutro) e instalados para atender regi\u00f5es urbanas e ind\u00fastrias devido \u00e0 alta pot\u00eancia. As tens\u00f5es el\u00e9tricas proporcionadas s\u00e3o de 127 V ou 220 V e atende de 25000 watts at\u00e9 75000 watts.<\/p>\n<p>&nbsp;<\/p>\n<p>&nbsp;<\/p>\n","protected":false},"excerpt":{"rendered":"<p>Saiba o que \u00e9, como funciona, quais as caracter\u00edsticas, entre outras caracter\u00edsticas deste segmento t\u00e3o rico!<\/p>\n","protected":false},"author":4,"featured_media":126,"comment_status":"open","ping_status":"open","sticky":false,"template":"","format":"standard","meta":[],"categories":[4],"tags":[],"acf":[],"yoast_head":"<!-- This site is optimized with the Yoast SEO plugin v19.3 - https:\/\/yoast.com\/wordpress\/plugins\/seo\/ -->\n<title>Gera\u00e7\u00e3o, Transmiss\u00e3o e Distribui\u00e7\u00e3o de Energia El\u00e9trica<\/title>\n<meta name=\"description\" content=\"Gera\u00e7\u00e3o, Transmiss\u00e3o e Distribui\u00e7\u00e3o de Energia El\u00e9trica no Brasil, Equipamentos para Distribui\u00e7\u00e3o El\u00e9trica.\" \/>\n<meta name=\"robots\" content=\"index, follow, max-snippet:-1, max-image-preview:large, max-video-preview:-1\" \/>\n<link rel=\"canonical\" href=\"https:\/\/www.eletrocarv.com.br\/blog\/geracao-transmissao-e-distribuicao-de-energia-eletrica\/\" \/>\n<meta property=\"og:locale\" content=\"pt_BR\" \/>\n<meta property=\"og:type\" content=\"article\" \/>\n<meta property=\"og:title\" content=\"Gera\u00e7\u00e3o, Transmiss\u00e3o e Distribui\u00e7\u00e3o de Energia El\u00e9trica\" \/>\n<meta property=\"og:description\" content=\"Gera\u00e7\u00e3o, Transmiss\u00e3o e Distribui\u00e7\u00e3o de Energia El\u00e9trica no Brasil, Equipamentos para Distribui\u00e7\u00e3o El\u00e9trica.\" \/>\n<meta property=\"og:url\" content=\"https:\/\/www.eletrocarv.com.br\/blog\/geracao-transmissao-e-distribuicao-de-energia-eletrica\/\" \/>\n<meta property=\"og:site_name\" content=\"Solu\u00e7\u00f5es El\u00e9tricas - Blog\" \/>\n<meta property=\"article:published_time\" content=\"2022-08-01T12:57:39+00:00\" \/>\n<meta property=\"article:modified_time\" content=\"2022-08-05T12:25:49+00:00\" \/>\n<meta property=\"og:image\" content=\"https:\/\/www.eletrocarv.com.br\/blog\/wp-content\/uploads\/2022\/08\/geracao-transmissao-e-distribuicao-de-energia-eletrica.jpg\" \/>\n\t<meta property=\"og:image:width\" content=\"1201\" \/>\n\t<meta property=\"og:image:height\" content=\"949\" \/>\n\t<meta property=\"og:image:type\" content=\"image\/jpeg\" \/>\n<meta name=\"author\" content=\"pw_webmaster_developer\" \/>\n<meta name=\"twitter:card\" content=\"summary_large_image\" \/>\n<meta name=\"twitter:label1\" content=\"Escrito por\" \/>\n\t<meta name=\"twitter:data1\" content=\"pw_webmaster_developer\" \/>\n\t<meta name=\"twitter:label2\" content=\"Est. tempo de leitura\" \/>\n\t<meta name=\"twitter:data2\" content=\"3 minutos\" \/>\n<script type=\"application\/ld+json\" class=\"yoast-schema-graph\">{\"@context\":\"https:\/\/schema.org\",\"@graph\":[{\"@type\":\"WebSite\",\"@id\":\"https:\/\/www.eletrocarv.com.br\/blog\/#website\",\"url\":\"https:\/\/www.eletrocarv.com.br\/blog\/\",\"name\":\"Solu\u00e7\u00f5es El\u00e9tricas - Blog\",\"description\":\"\",\"potentialAction\":[{\"@type\":\"SearchAction\",\"target\":{\"@type\":\"EntryPoint\",\"urlTemplate\":\"https:\/\/www.eletrocarv.com.br\/blog\/?s={search_term_string}\"},\"query-input\":\"required name=search_term_string\"}],\"inLanguage\":\"pt-BR\"},{\"@type\":\"ImageObject\",\"inLanguage\":\"pt-BR\",\"@id\":\"https:\/\/www.eletrocarv.com.br\/blog\/geracao-transmissao-e-distribuicao-de-energia-eletrica\/#primaryimage\",\"url\":\"https:\/\/www.eletrocarv.com.br\/blog\/wp-content\/uploads\/2022\/08\/geracao-transmissao-e-distribuicao-de-energia-eletrica.jpg\",\"contentUrl\":\"https:\/\/www.eletrocarv.com.br\/blog\/wp-content\/uploads\/2022\/08\/geracao-transmissao-e-distribuicao-de-energia-eletrica.jpg\",\"width\":1201,\"height\":949,\"caption\":\"Gera\u00e7\u00e3o, Transmiss\u00e3o e Distribui\u00e7\u00e3o de Energia El\u00e9trica\"},{\"@type\":\"WebPage\",\"@id\":\"https:\/\/www.eletrocarv.com.br\/blog\/geracao-transmissao-e-distribuicao-de-energia-eletrica\/\",\"url\":\"https:\/\/www.eletrocarv.com.br\/blog\/geracao-transmissao-e-distribuicao-de-energia-eletrica\/\",\"name\":\"Gera\u00e7\u00e3o, Transmiss\u00e3o e Distribui\u00e7\u00e3o de Energia El\u00e9trica\",\"isPartOf\":{\"@id\":\"https:\/\/www.eletrocarv.com.br\/blog\/#website\"},\"primaryImageOfPage\":{\"@id\":\"https:\/\/www.eletrocarv.com.br\/blog\/geracao-transmissao-e-distribuicao-de-energia-eletrica\/#primaryimage\"},\"datePublished\":\"2022-08-01T12:57:39+00:00\",\"dateModified\":\"2022-08-05T12:25:49+00:00\",\"author\":{\"@id\":\"https:\/\/www.eletrocarv.com.br\/blog\/#\/schema\/person\/7f9a2712f7b45991f746f3c0446347e7\"},\"description\":\"Gera\u00e7\u00e3o, Transmiss\u00e3o e Distribui\u00e7\u00e3o de Energia El\u00e9trica no Brasil, Equipamentos para Distribui\u00e7\u00e3o El\u00e9trica.\",\"breadcrumb\":{\"@id\":\"https:\/\/www.eletrocarv.com.br\/blog\/geracao-transmissao-e-distribuicao-de-energia-eletrica\/#breadcrumb\"},\"inLanguage\":\"pt-BR\",\"potentialAction\":[{\"@type\":\"ReadAction\",\"target\":[\"https:\/\/www.eletrocarv.com.br\/blog\/geracao-transmissao-e-distribuicao-de-energia-eletrica\/\"]}]},{\"@type\":\"BreadcrumbList\",\"@id\":\"https:\/\/www.eletrocarv.com.br\/blog\/geracao-transmissao-e-distribuicao-de-energia-eletrica\/#breadcrumb\",\"itemListElement\":[{\"@type\":\"ListItem\",\"position\":1,\"name\":\"In\u00edcio\",\"item\":\"https:\/\/www.eletrocarv.com.br\/blog\/\"},{\"@type\":\"ListItem\",\"position\":2,\"name\":\"Gera\u00e7\u00e3o, transmiss\u00e3o e distribui\u00e7\u00e3o de energia el\u00e9trica\"}]},{\"@type\":\"Person\",\"@id\":\"https:\/\/www.eletrocarv.com.br\/blog\/#\/schema\/person\/7f9a2712f7b45991f746f3c0446347e7\",\"name\":\"pw_webmaster_developer\",\"image\":{\"@type\":\"ImageObject\",\"inLanguage\":\"pt-BR\",\"@id\":\"https:\/\/www.eletrocarv.com.br\/blog\/#\/schema\/person\/image\/\",\"url\":\"https:\/\/secure.gravatar.com\/avatar\/907984482a416b7788118fd52f105197?s=96&d=mm&r=g\",\"contentUrl\":\"https:\/\/secure.gravatar.com\/avatar\/907984482a416b7788118fd52f105197?s=96&d=mm&r=g\",\"caption\":\"pw_webmaster_developer\"},\"url\":\"https:\/\/www.eletrocarv.com.br\/blog\/author\/pw_webmaster_developer\/\"}]}<\/script>\n<!-- \/ Yoast SEO plugin. -->","yoast_head_json":{"title":"Gera\u00e7\u00e3o, Transmiss\u00e3o e Distribui\u00e7\u00e3o de Energia El\u00e9trica","description":"Gera\u00e7\u00e3o, Transmiss\u00e3o e Distribui\u00e7\u00e3o de Energia El\u00e9trica no Brasil, Equipamentos para Distribui\u00e7\u00e3o El\u00e9trica.","robots":{"index":"index","follow":"follow","max-snippet":"max-snippet:-1","max-image-preview":"max-image-preview:large","max-video-preview":"max-video-preview:-1"},"canonical":"https:\/\/www.eletrocarv.com.br\/blog\/geracao-transmissao-e-distribuicao-de-energia-eletrica\/","og_locale":"pt_BR","og_type":"article","og_title":"Gera\u00e7\u00e3o, Transmiss\u00e3o e Distribui\u00e7\u00e3o de Energia El\u00e9trica","og_description":"Gera\u00e7\u00e3o, Transmiss\u00e3o e Distribui\u00e7\u00e3o de Energia El\u00e9trica no Brasil, Equipamentos para Distribui\u00e7\u00e3o El\u00e9trica.","og_url":"https:\/\/www.eletrocarv.com.br\/blog\/geracao-transmissao-e-distribuicao-de-energia-eletrica\/","og_site_name":"Solu\u00e7\u00f5es El\u00e9tricas - Blog","article_published_time":"2022-08-01T12:57:39+00:00","article_modified_time":"2022-08-05T12:25:49+00:00","og_image":[{"width":1201,"height":949,"url":"https:\/\/www.eletrocarv.com.br\/blog\/wp-content\/uploads\/2022\/08\/geracao-transmissao-e-distribuicao-de-energia-eletrica.jpg","type":"image\/jpeg"}],"author":"pw_webmaster_developer","twitter_card":"summary_large_image","twitter_misc":{"Escrito por":"pw_webmaster_developer","Est. tempo de leitura":"3 minutos"},"schema":{"@context":"https:\/\/schema.org","@graph":[{"@type":"WebSite","@id":"https:\/\/www.eletrocarv.com.br\/blog\/#website","url":"https:\/\/www.eletrocarv.com.br\/blog\/","name":"Solu\u00e7\u00f5es El\u00e9tricas - Blog","description":"","potentialAction":[{"@type":"SearchAction","target":{"@type":"EntryPoint","urlTemplate":"https:\/\/www.eletrocarv.com.br\/blog\/?s={search_term_string}"},"query-input":"required name=search_term_string"}],"inLanguage":"pt-BR"},{"@type":"ImageObject","inLanguage":"pt-BR","@id":"https:\/\/www.eletrocarv.com.br\/blog\/geracao-transmissao-e-distribuicao-de-energia-eletrica\/#primaryimage","url":"https:\/\/www.eletrocarv.com.br\/blog\/wp-content\/uploads\/2022\/08\/geracao-transmissao-e-distribuicao-de-energia-eletrica.jpg","contentUrl":"https:\/\/www.eletrocarv.com.br\/blog\/wp-content\/uploads\/2022\/08\/geracao-transmissao-e-distribuicao-de-energia-eletrica.jpg","width":1201,"height":949,"caption":"Gera\u00e7\u00e3o, Transmiss\u00e3o e Distribui\u00e7\u00e3o de Energia El\u00e9trica"},{"@type":"WebPage","@id":"https:\/\/www.eletrocarv.com.br\/blog\/geracao-transmissao-e-distribuicao-de-energia-eletrica\/","url":"https:\/\/www.eletrocarv.com.br\/blog\/geracao-transmissao-e-distribuicao-de-energia-eletrica\/","name":"Gera\u00e7\u00e3o, Transmiss\u00e3o e Distribui\u00e7\u00e3o de Energia El\u00e9trica","isPartOf":{"@id":"https:\/\/www.eletrocarv.com.br\/blog\/#website"},"primaryImageOfPage":{"@id":"https:\/\/www.eletrocarv.com.br\/blog\/geracao-transmissao-e-distribuicao-de-energia-eletrica\/#primaryimage"},"datePublished":"2022-08-01T12:57:39+00:00","dateModified":"2022-08-05T12:25:49+00:00","author":{"@id":"https:\/\/www.eletrocarv.com.br\/blog\/#\/schema\/person\/7f9a2712f7b45991f746f3c0446347e7"},"description":"Gera\u00e7\u00e3o, Transmiss\u00e3o e Distribui\u00e7\u00e3o de Energia El\u00e9trica no Brasil, Equipamentos para Distribui\u00e7\u00e3o El\u00e9trica.","breadcrumb":{"@id":"https:\/\/www.eletrocarv.com.br\/blog\/geracao-transmissao-e-distribuicao-de-energia-eletrica\/#breadcrumb"},"inLanguage":"pt-BR","potentialAction":[{"@type":"ReadAction","target":["https:\/\/www.eletrocarv.com.br\/blog\/geracao-transmissao-e-distribuicao-de-energia-eletrica\/"]}]},{"@type":"BreadcrumbList","@id":"https:\/\/www.eletrocarv.com.br\/blog\/geracao-transmissao-e-distribuicao-de-energia-eletrica\/#breadcrumb","itemListElement":[{"@type":"ListItem","position":1,"name":"In\u00edcio","item":"https:\/\/www.eletrocarv.com.br\/blog\/"},{"@type":"ListItem","position":2,"name":"Gera\u00e7\u00e3o, transmiss\u00e3o e distribui\u00e7\u00e3o de energia el\u00e9trica"}]},{"@type":"Person","@id":"https:\/\/www.eletrocarv.com.br\/blog\/#\/schema\/person\/7f9a2712f7b45991f746f3c0446347e7","name":"pw_webmaster_developer","image":{"@type":"ImageObject","inLanguage":"pt-BR","@id":"https:\/\/www.eletrocarv.com.br\/blog\/#\/schema\/person\/image\/","url":"https:\/\/secure.gravatar.com\/avatar\/907984482a416b7788118fd52f105197?s=96&d=mm&r=g","contentUrl":"https:\/\/secure.gravatar.com\/avatar\/907984482a416b7788118fd52f105197?s=96&d=mm&r=g","caption":"pw_webmaster_developer"},"url":"https:\/\/www.eletrocarv.com.br\/blog\/author\/pw_webmaster_developer\/"}]}},"_links":{"self":[{"href":"https:\/\/www.eletrocarv.com.br\/blog\/wp-json\/wp\/v2\/posts\/125"}],"collection":[{"href":"https:\/\/www.eletrocarv.com.br\/blog\/wp-json\/wp\/v2\/posts"}],"about":[{"href":"https:\/\/www.eletrocarv.com.br\/blog\/wp-json\/wp\/v2\/types\/post"}],"author":[{"embeddable":true,"href":"https:\/\/www.eletrocarv.com.br\/blog\/wp-json\/wp\/v2\/users\/4"}],"replies":[{"embeddable":true,"href":"https:\/\/www.eletrocarv.com.br\/blog\/wp-json\/wp\/v2\/comments?post=125"}],"version-history":[{"count":1,"href":"https:\/\/www.eletrocarv.com.br\/blog\/wp-json\/wp\/v2\/posts\/125\/revisions"}],"predecessor-version":[{"id":127,"href":"https:\/\/www.eletrocarv.com.br\/blog\/wp-json\/wp\/v2\/posts\/125\/revisions\/127"}],"wp:featuredmedia":[{"embeddable":true,"href":"https:\/\/www.eletrocarv.com.br\/blog\/wp-json\/wp\/v2\/media\/126"}],"wp:attachment":[{"href":"https:\/\/www.eletrocarv.com.br\/blog\/wp-json\/wp\/v2\/media?parent=125"}],"wp:term":[{"taxonomy":"category","embeddable":true,"href":"https:\/\/www.eletrocarv.com.br\/blog\/wp-json\/wp\/v2\/categories?post=125"},{"taxonomy":"post_tag","embeddable":true,"href":"https:\/\/www.eletrocarv.com.br\/blog\/wp-json\/wp\/v2\/tags?post=125"}],"curies":[{"name":"wp","href":"https:\/\/api.w.org\/{rel}","templated":true}]}}