{"id":156,"date":"2022-11-04T19:03:44","date_gmt":"2022-11-04T19:03:44","guid":{"rendered":"https:\/\/www.eletrocarv.com.br\/blog\/?p=156"},"modified":"2022-11-04T19:16:21","modified_gmt":"2022-11-04T19:16:21","slug":"sistemas-de-tarifacao-de-energia-eletrica-no-brasil","status":"publish","type":"post","link":"https:\/\/www.eletrocarv.com.br\/blog\/sistemas-de-tarifacao-de-energia-eletrica-no-brasil\/","title":{"rendered":"Sistemas de tarifa\u00e7\u00e3o de energia el\u00e9trica no Brasil"},"content":{"rendered":"\n<p>Veja mais sobre como \u00e9 feita a tarifa\u00e7\u00e3o da energia el\u00e9trica no Brasil e veja onde voc\u00ea pode economizar energia na sua casa ou empresa!<\/p>\n\n\n\n<p>O que \u00e9 tarifa de energia el\u00e9trica<\/p>\n\n\n\n<p>A respons\u00e1vel pelas tarifas de energia el\u00e9trica no Brasil \u00e9 a Ag\u00eancia Nacional de Energia El\u00e9trica (Aneel). Para calcular as tarifas, a ag\u00eancia leva em considera\u00e7\u00e3o tr\u00eas principais custos: gera\u00e7\u00e3o, transporte e encargos. A combina\u00e7\u00e3o desses fatores deve garantir o fornecimento de energia com qualidade a todos os consumidores. Al\u00e9m disso, as tarifas tamb\u00e9m precisam assegurar aos prestadores dos servi\u00e7os receitas suficientes para cobrir seus custos operacionais. Ou seja, as tarifas de energia el\u00e9trica visam manter o equil\u00edbrio econ\u00f4mico-financeiro para geradoras, distribuidoras e consumidores.<\/p>\n\n\n\n<p>Como se calcula as tarifas de energia el\u00e9trica<\/p>\n\n\n\n<p>Como mencionamos no t\u00f3pico anterior, calculam-se as tarifas com base em custos relacionados \u00e0 gera\u00e7\u00e3o e transporte da energia e aos encargos setoriais.<\/p>\n\n\n\n<p>A conta \u00e9 simples: Energia gerada + Transporte de energia at\u00e9 o consumidor + Encargos setoriais.<\/p>\n\n\n\n<p>Custos de gera\u00e7\u00e3o<\/p>\n\n\n\n<p>As usinas vendem energia el\u00e9trica para as distribuidoras por meio de leil\u00f5es p\u00fablicos. Portanto, \u00e9 esse mecanismo que determina o valor da energia que ir\u00e1 compor a tarifa.<\/p>\n\n\n\n<p>Em tempos de clima seco, as concession\u00e1rias de distribui\u00e7\u00e3o precisam comprar mais energia de fonte t\u00e9rmica, com custos m\u00e9dios maiores do que a gera\u00e7\u00e3o h\u00eddrica. Assim, podemos afirmar que as condi\u00e7\u00f5es clim\u00e1ticas influenciam na forma\u00e7\u00e3o das tarifas no que diz respeito aos custos de energia el\u00e9trica.<\/p>\n\n\n\n<p>Bandeiras tarif\u00e1rias<\/p>\n\n\n\n<p>Com o objetivo de ressarcir os custos de gera\u00e7\u00e3o por fonte termel\u00e9trica e a exposi\u00e7\u00e3o aos pre\u00e7os de liquida\u00e7\u00e3o no mercado de curto prazo, a CCEE criou um novo recurso em 2015: as bandeiras tarif\u00e1rias. Elas indicam se a energia custa mais ou menos, em fun\u00e7\u00e3o das condi\u00e7\u00f5es de gera\u00e7\u00e3o de eletricidade naquele determinado per\u00edodo. O sistema possui tr\u00eas bandeiras: verde, amarela e vermelha. Assim como nos sem\u00e1foros de tr\u00e2nsito, as cores sinalizam se as condi\u00e7\u00f5es de gera\u00e7\u00e3o est\u00e3o mais ou menos favor\u00e1veis. Da mesma forma, as cores das bandeiras tamb\u00e9m apontam se o consumidor pagar\u00e1 mais caro ou mais barato pela energia na sua conta de luz.<\/p>\n\n\n\n<p>Bandeira verde: \u00e9 utilizada quando as condi\u00e7\u00f5es de gera\u00e7\u00e3o de energia s\u00e3o favor\u00e1veis. Logo, a tarifa n\u00e3o sofre nenhum acr\u00e9scimo.<\/p>\n\n\n\n<p>Bandeira amarela: \u00e9 acionada quando as condi\u00e7\u00f5es de gera\u00e7\u00e3o de energia s\u00e3o menos favor\u00e1veis. Ent\u00e3o, a tarifa sofre acr\u00e9scimo de R$ 0,996 a cada 100 kWh.<\/p>\n\n\n\n<p>Bandeiras vermelhas: acionam-se quando as condi\u00e7\u00f5es de gera\u00e7\u00e3o s\u00e3o mais custosas. Como resultado, a tarifa aumenta R$ 4,599 a cada 100 kWh no patamar 1. J\u00e1 no patamar 2, o acr\u00e9scimo \u00e9 de R$ 7,571 a cada 100 kWh.<\/p>\n\n\n\n<p>Ademais, existe tamb\u00e9m a bandeira de escassez h\u00eddrica, que \u00e9 acionada em per\u00edodos muito secos. Atualmente, vigora no Brasil essa bandeira, desde agosto de 2021. Ela \u00e9 a mais cara de todas, adicionando \u00e0s faturas R$ 14,20 para cada 100 kWh de eletricidade consumidos.<\/p>\n","protected":false},"excerpt":{"rendered":"<p>Veja mais sobre como \u00e9 feita a tarifa\u00e7\u00e3o da energia el\u00e9trica no Brasil e veja onde voc\u00ea pode economizar energia na sua casa ou empresa! O que \u00e9 tarifa de energia el\u00e9trica A respons\u00e1vel pelas tarifas de energia el\u00e9trica no Brasil \u00e9 a Ag\u00eancia Nacional de Energia El\u00e9trica (Aneel). Para calcular as tarifas, a ag\u00eancia [&hellip;]<\/p>\n","protected":false},"author":4,"featured_media":159,"comment_status":"open","ping_status":"open","sticky":false,"template":"","format":"standard","meta":[],"categories":[4,6],"tags":[],"acf":[],"yoast_head":"<!-- This site is optimized with the Yoast SEO plugin v19.3 - https:\/\/yoast.com\/wordpress\/plugins\/seo\/ -->\n<title>Sistemas de tarifa\u00e7\u00e3o de energia el\u00e9trica no Brasil<\/title>\n<meta name=\"description\" content=\"as tarifas de energia el\u00e9trica visam manter o equil\u00edbrio econ\u00f4mico-financeiro para geradoras, distribuidoras e consumidores.\" \/>\n<meta name=\"robots\" content=\"index, follow, max-snippet:-1, max-image-preview:large, max-video-preview:-1\" \/>\n<link rel=\"canonical\" href=\"https:\/\/www.eletrocarv.com.br\/blog\/sistemas-de-tarifacao-de-energia-eletrica-no-brasil\/\" \/>\n<meta property=\"og:locale\" content=\"pt_BR\" \/>\n<meta property=\"og:type\" content=\"article\" \/>\n<meta property=\"og:title\" content=\"Sistemas de tarifa\u00e7\u00e3o de energia el\u00e9trica no Brasil\" \/>\n<meta property=\"og:description\" content=\"as tarifas de energia el\u00e9trica visam manter o equil\u00edbrio econ\u00f4mico-financeiro para geradoras, distribuidoras e consumidores.\" \/>\n<meta property=\"og:url\" content=\"https:\/\/www.eletrocarv.com.br\/blog\/sistemas-de-tarifacao-de-energia-eletrica-no-brasil\/\" \/>\n<meta property=\"og:site_name\" content=\"Solu\u00e7\u00f5es El\u00e9tricas - Blog\" \/>\n<meta property=\"article:published_time\" content=\"2022-11-04T19:03:44+00:00\" \/>\n<meta property=\"article:modified_time\" content=\"2022-11-04T19:16:21+00:00\" \/>\n<meta property=\"og:image\" content=\"https:\/\/www.eletrocarv.com.br\/blog\/wp-content\/uploads\/2022\/11\/tarifacao-de-energia-eletrica.jpg\" \/>\n\t<meta property=\"og:image:width\" content=\"1080\" \/>\n\t<meta property=\"og:image:height\" content=\"720\" \/>\n\t<meta property=\"og:image:type\" content=\"image\/jpeg\" \/>\n<meta name=\"author\" content=\"pw_webmaster_developer\" \/>\n<meta name=\"twitter:card\" content=\"summary_large_image\" \/>\n<meta name=\"twitter:label1\" content=\"Escrito por\" \/>\n\t<meta name=\"twitter:data1\" content=\"pw_webmaster_developer\" \/>\n\t<meta name=\"twitter:label2\" content=\"Est. tempo de leitura\" \/>\n\t<meta name=\"twitter:data2\" content=\"3 minutos\" \/>\n<script type=\"application\/ld+json\" class=\"yoast-schema-graph\">{\"@context\":\"https:\/\/schema.org\",\"@graph\":[{\"@type\":\"WebSite\",\"@id\":\"https:\/\/www.eletrocarv.com.br\/blog\/#website\",\"url\":\"https:\/\/www.eletrocarv.com.br\/blog\/\",\"name\":\"Solu\u00e7\u00f5es El\u00e9tricas - Blog\",\"description\":\"\",\"potentialAction\":[{\"@type\":\"SearchAction\",\"target\":{\"@type\":\"EntryPoint\",\"urlTemplate\":\"https:\/\/www.eletrocarv.com.br\/blog\/?s={search_term_string}\"},\"query-input\":\"required name=search_term_string\"}],\"inLanguage\":\"pt-BR\"},{\"@type\":\"ImageObject\",\"inLanguage\":\"pt-BR\",\"@id\":\"https:\/\/www.eletrocarv.com.br\/blog\/sistemas-de-tarifacao-de-energia-eletrica-no-brasil\/#primaryimage\",\"url\":\"https:\/\/www.eletrocarv.com.br\/blog\/wp-content\/uploads\/2022\/11\/tarifacao-de-energia-eletrica.jpg\",\"contentUrl\":\"https:\/\/www.eletrocarv.com.br\/blog\/wp-content\/uploads\/2022\/11\/tarifacao-de-energia-eletrica.jpg\",\"width\":1080,\"height\":720,\"caption\":\"tarifa\u00e7\u00e3o de energia el\u00e9trica\"},{\"@type\":\"WebPage\",\"@id\":\"https:\/\/www.eletrocarv.com.br\/blog\/sistemas-de-tarifacao-de-energia-eletrica-no-brasil\/\",\"url\":\"https:\/\/www.eletrocarv.com.br\/blog\/sistemas-de-tarifacao-de-energia-eletrica-no-brasil\/\",\"name\":\"Sistemas de tarifa\u00e7\u00e3o de energia el\u00e9trica no Brasil\",\"isPartOf\":{\"@id\":\"https:\/\/www.eletrocarv.com.br\/blog\/#website\"},\"primaryImageOfPage\":{\"@id\":\"https:\/\/www.eletrocarv.com.br\/blog\/sistemas-de-tarifacao-de-energia-eletrica-no-brasil\/#primaryimage\"},\"datePublished\":\"2022-11-04T19:03:44+00:00\",\"dateModified\":\"2022-11-04T19:16:21+00:00\",\"author\":{\"@id\":\"https:\/\/www.eletrocarv.com.br\/blog\/#\/schema\/person\/7f9a2712f7b45991f746f3c0446347e7\"},\"description\":\"as tarifas de energia el\u00e9trica visam manter o equil\u00edbrio econ\u00f4mico-financeiro para geradoras, distribuidoras e consumidores.\",\"breadcrumb\":{\"@id\":\"https:\/\/www.eletrocarv.com.br\/blog\/sistemas-de-tarifacao-de-energia-eletrica-no-brasil\/#breadcrumb\"},\"inLanguage\":\"pt-BR\",\"potentialAction\":[{\"@type\":\"ReadAction\",\"target\":[\"https:\/\/www.eletrocarv.com.br\/blog\/sistemas-de-tarifacao-de-energia-eletrica-no-brasil\/\"]}]},{\"@type\":\"BreadcrumbList\",\"@id\":\"https:\/\/www.eletrocarv.com.br\/blog\/sistemas-de-tarifacao-de-energia-eletrica-no-brasil\/#breadcrumb\",\"itemListElement\":[{\"@type\":\"ListItem\",\"position\":1,\"name\":\"In\u00edcio\",\"item\":\"https:\/\/www.eletrocarv.com.br\/blog\/\"},{\"@type\":\"ListItem\",\"position\":2,\"name\":\"Sistemas de tarifa\u00e7\u00e3o de energia el\u00e9trica no Brasil\"}]},{\"@type\":\"Person\",\"@id\":\"https:\/\/www.eletrocarv.com.br\/blog\/#\/schema\/person\/7f9a2712f7b45991f746f3c0446347e7\",\"name\":\"pw_webmaster_developer\",\"image\":{\"@type\":\"ImageObject\",\"inLanguage\":\"pt-BR\",\"@id\":\"https:\/\/www.eletrocarv.com.br\/blog\/#\/schema\/person\/image\/\",\"url\":\"https:\/\/secure.gravatar.com\/avatar\/907984482a416b7788118fd52f105197?s=96&d=mm&r=g\",\"contentUrl\":\"https:\/\/secure.gravatar.com\/avatar\/907984482a416b7788118fd52f105197?s=96&d=mm&r=g\",\"caption\":\"pw_webmaster_developer\"},\"url\":\"https:\/\/www.eletrocarv.com.br\/blog\/author\/pw_webmaster_developer\/\"}]}<\/script>\n<!-- \/ Yoast SEO plugin. -->","yoast_head_json":{"title":"Sistemas de tarifa\u00e7\u00e3o de energia el\u00e9trica no Brasil","description":"as tarifas de energia el\u00e9trica visam manter o equil\u00edbrio econ\u00f4mico-financeiro para geradoras, distribuidoras e consumidores.","robots":{"index":"index","follow":"follow","max-snippet":"max-snippet:-1","max-image-preview":"max-image-preview:large","max-video-preview":"max-video-preview:-1"},"canonical":"https:\/\/www.eletrocarv.com.br\/blog\/sistemas-de-tarifacao-de-energia-eletrica-no-brasil\/","og_locale":"pt_BR","og_type":"article","og_title":"Sistemas de tarifa\u00e7\u00e3o de energia el\u00e9trica no Brasil","og_description":"as tarifas de energia el\u00e9trica visam manter o equil\u00edbrio econ\u00f4mico-financeiro para geradoras, distribuidoras e consumidores.","og_url":"https:\/\/www.eletrocarv.com.br\/blog\/sistemas-de-tarifacao-de-energia-eletrica-no-brasil\/","og_site_name":"Solu\u00e7\u00f5es El\u00e9tricas - Blog","article_published_time":"2022-11-04T19:03:44+00:00","article_modified_time":"2022-11-04T19:16:21+00:00","og_image":[{"width":1080,"height":720,"url":"https:\/\/www.eletrocarv.com.br\/blog\/wp-content\/uploads\/2022\/11\/tarifacao-de-energia-eletrica.jpg","type":"image\/jpeg"}],"author":"pw_webmaster_developer","twitter_card":"summary_large_image","twitter_misc":{"Escrito por":"pw_webmaster_developer","Est. tempo de leitura":"3 minutos"},"schema":{"@context":"https:\/\/schema.org","@graph":[{"@type":"WebSite","@id":"https:\/\/www.eletrocarv.com.br\/blog\/#website","url":"https:\/\/www.eletrocarv.com.br\/blog\/","name":"Solu\u00e7\u00f5es El\u00e9tricas - Blog","description":"","potentialAction":[{"@type":"SearchAction","target":{"@type":"EntryPoint","urlTemplate":"https:\/\/www.eletrocarv.com.br\/blog\/?s={search_term_string}"},"query-input":"required name=search_term_string"}],"inLanguage":"pt-BR"},{"@type":"ImageObject","inLanguage":"pt-BR","@id":"https:\/\/www.eletrocarv.com.br\/blog\/sistemas-de-tarifacao-de-energia-eletrica-no-brasil\/#primaryimage","url":"https:\/\/www.eletrocarv.com.br\/blog\/wp-content\/uploads\/2022\/11\/tarifacao-de-energia-eletrica.jpg","contentUrl":"https:\/\/www.eletrocarv.com.br\/blog\/wp-content\/uploads\/2022\/11\/tarifacao-de-energia-eletrica.jpg","width":1080,"height":720,"caption":"tarifa\u00e7\u00e3o de energia el\u00e9trica"},{"@type":"WebPage","@id":"https:\/\/www.eletrocarv.com.br\/blog\/sistemas-de-tarifacao-de-energia-eletrica-no-brasil\/","url":"https:\/\/www.eletrocarv.com.br\/blog\/sistemas-de-tarifacao-de-energia-eletrica-no-brasil\/","name":"Sistemas de tarifa\u00e7\u00e3o de energia el\u00e9trica no Brasil","isPartOf":{"@id":"https:\/\/www.eletrocarv.com.br\/blog\/#website"},"primaryImageOfPage":{"@id":"https:\/\/www.eletrocarv.com.br\/blog\/sistemas-de-tarifacao-de-energia-eletrica-no-brasil\/#primaryimage"},"datePublished":"2022-11-04T19:03:44+00:00","dateModified":"2022-11-04T19:16:21+00:00","author":{"@id":"https:\/\/www.eletrocarv.com.br\/blog\/#\/schema\/person\/7f9a2712f7b45991f746f3c0446347e7"},"description":"as tarifas de energia el\u00e9trica visam manter o equil\u00edbrio econ\u00f4mico-financeiro para geradoras, distribuidoras e consumidores.","breadcrumb":{"@id":"https:\/\/www.eletrocarv.com.br\/blog\/sistemas-de-tarifacao-de-energia-eletrica-no-brasil\/#breadcrumb"},"inLanguage":"pt-BR","potentialAction":[{"@type":"ReadAction","target":["https:\/\/www.eletrocarv.com.br\/blog\/sistemas-de-tarifacao-de-energia-eletrica-no-brasil\/"]}]},{"@type":"BreadcrumbList","@id":"https:\/\/www.eletrocarv.com.br\/blog\/sistemas-de-tarifacao-de-energia-eletrica-no-brasil\/#breadcrumb","itemListElement":[{"@type":"ListItem","position":1,"name":"In\u00edcio","item":"https:\/\/www.eletrocarv.com.br\/blog\/"},{"@type":"ListItem","position":2,"name":"Sistemas de tarifa\u00e7\u00e3o de energia el\u00e9trica no Brasil"}]},{"@type":"Person","@id":"https:\/\/www.eletrocarv.com.br\/blog\/#\/schema\/person\/7f9a2712f7b45991f746f3c0446347e7","name":"pw_webmaster_developer","image":{"@type":"ImageObject","inLanguage":"pt-BR","@id":"https:\/\/www.eletrocarv.com.br\/blog\/#\/schema\/person\/image\/","url":"https:\/\/secure.gravatar.com\/avatar\/907984482a416b7788118fd52f105197?s=96&d=mm&r=g","contentUrl":"https:\/\/secure.gravatar.com\/avatar\/907984482a416b7788118fd52f105197?s=96&d=mm&r=g","caption":"pw_webmaster_developer"},"url":"https:\/\/www.eletrocarv.com.br\/blog\/author\/pw_webmaster_developer\/"}]}},"_links":{"self":[{"href":"https:\/\/www.eletrocarv.com.br\/blog\/wp-json\/wp\/v2\/posts\/156"}],"collection":[{"href":"https:\/\/www.eletrocarv.com.br\/blog\/wp-json\/wp\/v2\/posts"}],"about":[{"href":"https:\/\/www.eletrocarv.com.br\/blog\/wp-json\/wp\/v2\/types\/post"}],"author":[{"embeddable":true,"href":"https:\/\/www.eletrocarv.com.br\/blog\/wp-json\/wp\/v2\/users\/4"}],"replies":[{"embeddable":true,"href":"https:\/\/www.eletrocarv.com.br\/blog\/wp-json\/wp\/v2\/comments?post=156"}],"version-history":[{"count":3,"href":"https:\/\/www.eletrocarv.com.br\/blog\/wp-json\/wp\/v2\/posts\/156\/revisions"}],"predecessor-version":[{"id":162,"href":"https:\/\/www.eletrocarv.com.br\/blog\/wp-json\/wp\/v2\/posts\/156\/revisions\/162"}],"wp:featuredmedia":[{"embeddable":true,"href":"https:\/\/www.eletrocarv.com.br\/blog\/wp-json\/wp\/v2\/media\/159"}],"wp:attachment":[{"href":"https:\/\/www.eletrocarv.com.br\/blog\/wp-json\/wp\/v2\/media?parent=156"}],"wp:term":[{"taxonomy":"category","embeddable":true,"href":"https:\/\/www.eletrocarv.com.br\/blog\/wp-json\/wp\/v2\/categories?post=156"},{"taxonomy":"post_tag","embeddable":true,"href":"https:\/\/www.eletrocarv.com.br\/blog\/wp-json\/wp\/v2\/tags?post=156"}],"curies":[{"name":"wp","href":"https:\/\/api.w.org\/{rel}","templated":true}]}}