{"id":83,"date":"2022-07-25T17:30:21","date_gmt":"2022-07-25T17:30:21","guid":{"rendered":"https:\/\/www.eletrocarv.com.br\/blog\/?p=83"},"modified":"2022-08-04T20:29:52","modified_gmt":"2022-08-04T20:29:52","slug":"o-que-e-tarifa-social-de-energia-eletrica","status":"publish","type":"post","link":"https:\/\/www.eletrocarv.com.br\/blog\/o-que-e-tarifa-social-de-energia-eletrica\/","title":{"rendered":"O que \u00e9 tarifa social de energia el\u00e9trica?"},"content":{"rendered":"<p>Em setembro de 2021, o governo federal sancionou a Lei n\u00ba 14.203, que estabelece inscri\u00e7\u00e3o autom\u00e1tica de fam\u00edlias de baixa renda na Tarifa Social de Energia El\u00e9trica (TSEE). A mudan\u00e7a vai simplificar o processo de ades\u00e3o \u00e0 tarifa, que atualmente oferece descontos de at\u00e9 65% nas contas de energia, dependendo da faixa de consumo.<\/p>\n<h2>O que \u00e9 a tarifa social?<\/h2>\n<p>Este benef\u00edcio \u00e9 um benef\u00edcio social, criado pelo Governo Federal, para beneficiar as unidades residenciais de fam\u00edlias com baixa renda com a redu\u00e7\u00e3o da tarifa de consumo de energia el\u00e9trica em at\u00e9 65%, podendo chegar at\u00e9 100% para Ind\u00edgenas e Quilombolas.<br \/>\nO benef\u00edcio \u00e9 regulamentado pela Lei n\u00ba 12.212, de 20 de janeiro de 2010, pelo Decreto n\u00ba 7.583, de 13 de outubro de 2011 e pela Lei n\u00ba 14.203, de 10 de setembro de 2021.<\/p>\n<h2>Quem pode ter acesso ao benef\u00edcio em quest\u00e3o?<\/h2>\n<p>Neste caso podemos dizer que toda Unidade Consumidora classificada na Subclasse Residencial Baixa Renda, com fam\u00edlia que seja inscrita no Cadastro \u00danico para Programas Sociais do Governo Federal, ou seja, ter NIS &#8211; N\u00famero de Identifica\u00e7\u00e3o Social, com renda familiar mensal por pessoa menor ou igual a meio sal\u00e1rio-m\u00ednimo nacional, independente de possuir ou n\u00e3o o benef\u00edcio do Bolsa Fam\u00edlia; possua a inscri\u00e7\u00e3o vigente no Cadastro \u00danico da Prefeitura, com renda familiar mensal de at\u00e9 tr\u00eas sal\u00e1rios-m\u00ednimos, que tenha algu\u00e9m com doen\u00e7a ou patologia que precise do uso continuado de aparelhos ou equipamentos el\u00e9tricos; Tenha Idoso ou Deficiente que receba o Benef\u00edcio de Presta\u00e7\u00e3o Continuada da Assist\u00eancia Social \u2013 BPC, Lei LOAS, com seu respectivo NB \u2013 N\u00famero do Benef\u00edcio.<\/p>\n<p>Com a regulamenta\u00e7\u00e3o e a assinatura do protocolo entre a ANEEL e o Minist\u00e9rio da Cidadania (MC), a Tarifa Social ser\u00e1 concedida automaticamente, a partir de janeiro de 2022, para as fam\u00edlias que t\u00eam direito. Portanto, n\u00e3o \u00e9 mais necess\u00e1rio solicitar \u00e0 distribuidora.<\/p>\n<p>\u00c9 importante salientar que este benef\u00edcio s\u00f3 pode ser aplicado uma vez para cada fam\u00edlia; o endere\u00e7o do domic\u00edlio deve estar dentro da \u00e1rea da distribuidora de energia; e n\u00e3o \u00e9 necess\u00e1rio que o benefici\u00e1rio do BPC seja o titular da conta de luz para receber o desconto da TSEE.<\/p>\n<h2>De onde s\u00e3o conquistados os recursos para que este tipo de benef\u00edcio seja custeado e mantido de forma vigente?<\/h2>\n<p>Esse desconto \u00e9 custeado pela Conta de Desenvolvimento Energ\u00e9tico &#8211; CDE, conforme definido na Lei n\u00b0 10.438, de 26 de abril de 2002 e no Decreto n\u00ba 9.022, de 31 de mar\u00e7o de 2017. A distribuidora \u00e9 ressarcida na exata medida do benef\u00edcio concedido.<\/p>\n<p>Al\u00e9m dos descontos da subclasse residencial baixa renda, os recursos da Conta de Desenvolvimento Energ\u00e9tico t\u00eam outras finalidades tais como custeio da universaliza\u00e7\u00e3o do servi\u00e7o de energia el\u00e9trica no territ\u00f3rio nacional e o custeio dos disp\u00eandios da Conta de Consumo de Combust\u00edveis &#8211; CCC, dentre outros.<\/p>\n<p>Anualmente, a ANEEL verifica o que deve ser custeado pela Conta de Desenvolvimento Energ\u00e9tico e define as cotas da CDE que ser\u00e3o pagas pelas distribuidoras de energia el\u00e9trica e, consequentemente, repassadas \u00e0s tarifas dos consumidores.<\/p>\n","protected":false},"excerpt":{"rendered":"<p>Veja mais sobre o que \u00e9 a tarifa social de energia el\u00e9trica e os detalhes que comp\u00f5em as suas caracter\u00edsticas!<\/p>\n","protected":false},"author":4,"featured_media":87,"comment_status":"open","ping_status":"open","sticky":false,"template":"","format":"standard","meta":[],"categories":[4],"tags":[],"acf":[],"yoast_head":"<!-- This site is optimized with the Yoast SEO plugin v19.3 - https:\/\/yoast.com\/wordpress\/plugins\/seo\/ -->\n<title>O que \u00e9 tarifa social de energia el\u00e9trica?<\/title>\n<meta name=\"description\" content=\"Tarifa social de energia el\u00e9trica, um benef\u00edcio social, criado pelo Governo Federal, para beneficiar as unidades residenciais de fam\u00edlias com baixa renda.\" \/>\n<meta name=\"robots\" content=\"index, follow, max-snippet:-1, max-image-preview:large, max-video-preview:-1\" \/>\n<link rel=\"canonical\" href=\"https:\/\/www.eletrocarv.com.br\/blog\/o-que-e-tarifa-social-de-energia-eletrica\/\" \/>\n<meta property=\"og:locale\" content=\"pt_BR\" \/>\n<meta property=\"og:type\" content=\"article\" \/>\n<meta property=\"og:title\" content=\"O que \u00e9 tarifa social de energia el\u00e9trica?\" \/>\n<meta property=\"og:description\" content=\"Tarifa social de energia el\u00e9trica, um benef\u00edcio social, criado pelo Governo Federal, para beneficiar as unidades residenciais de fam\u00edlias com baixa renda.\" \/>\n<meta property=\"og:url\" content=\"https:\/\/www.eletrocarv.com.br\/blog\/o-que-e-tarifa-social-de-energia-eletrica\/\" \/>\n<meta property=\"og:site_name\" content=\"Solu\u00e7\u00f5es El\u00e9tricas - Blog\" \/>\n<meta property=\"article:published_time\" content=\"2022-07-25T17:30:21+00:00\" \/>\n<meta property=\"article:modified_time\" content=\"2022-08-04T20:29:52+00:00\" \/>\n<meta property=\"og:image\" content=\"https:\/\/www.eletrocarv.com.br\/blog\/wp-content\/uploads\/2022\/07\/tarifa-social-de-energia-eletrica.jpg\" \/>\n\t<meta property=\"og:image:width\" content=\"998\" \/>\n\t<meta property=\"og:image:height\" content=\"662\" \/>\n\t<meta property=\"og:image:type\" content=\"image\/jpeg\" \/>\n<meta name=\"author\" content=\"pw_webmaster_developer\" \/>\n<meta name=\"twitter:card\" content=\"summary_large_image\" \/>\n<meta name=\"twitter:label1\" content=\"Escrito por\" \/>\n\t<meta name=\"twitter:data1\" content=\"pw_webmaster_developer\" \/>\n\t<meta name=\"twitter:label2\" content=\"Est. tempo de leitura\" \/>\n\t<meta name=\"twitter:data2\" content=\"3 minutos\" \/>\n<script type=\"application\/ld+json\" class=\"yoast-schema-graph\">{\"@context\":\"https:\/\/schema.org\",\"@graph\":[{\"@type\":\"WebSite\",\"@id\":\"https:\/\/www.eletrocarv.com.br\/blog\/#website\",\"url\":\"https:\/\/www.eletrocarv.com.br\/blog\/\",\"name\":\"Solu\u00e7\u00f5es El\u00e9tricas - Blog\",\"description\":\"\",\"potentialAction\":[{\"@type\":\"SearchAction\",\"target\":{\"@type\":\"EntryPoint\",\"urlTemplate\":\"https:\/\/www.eletrocarv.com.br\/blog\/?s={search_term_string}\"},\"query-input\":\"required name=search_term_string\"}],\"inLanguage\":\"pt-BR\"},{\"@type\":\"ImageObject\",\"inLanguage\":\"pt-BR\",\"@id\":\"https:\/\/www.eletrocarv.com.br\/blog\/o-que-e-tarifa-social-de-energia-eletrica\/#primaryimage\",\"url\":\"https:\/\/www.eletrocarv.com.br\/blog\/wp-content\/uploads\/2022\/07\/tarifa-social-de-energia-eletrica.jpg\",\"contentUrl\":\"https:\/\/www.eletrocarv.com.br\/blog\/wp-content\/uploads\/2022\/07\/tarifa-social-de-energia-eletrica.jpg\",\"width\":998,\"height\":662,\"caption\":\"O que \u00e9 tarifa social de energia el\u00e9trica?\"},{\"@type\":\"WebPage\",\"@id\":\"https:\/\/www.eletrocarv.com.br\/blog\/o-que-e-tarifa-social-de-energia-eletrica\/\",\"url\":\"https:\/\/www.eletrocarv.com.br\/blog\/o-que-e-tarifa-social-de-energia-eletrica\/\",\"name\":\"O que \u00e9 tarifa social de energia el\u00e9trica?\",\"isPartOf\":{\"@id\":\"https:\/\/www.eletrocarv.com.br\/blog\/#website\"},\"primaryImageOfPage\":{\"@id\":\"https:\/\/www.eletrocarv.com.br\/blog\/o-que-e-tarifa-social-de-energia-eletrica\/#primaryimage\"},\"datePublished\":\"2022-07-25T17:30:21+00:00\",\"dateModified\":\"2022-08-04T20:29:52+00:00\",\"author\":{\"@id\":\"https:\/\/www.eletrocarv.com.br\/blog\/#\/schema\/person\/7f9a2712f7b45991f746f3c0446347e7\"},\"description\":\"Tarifa social de energia el\u00e9trica, um benef\u00edcio social, criado pelo Governo Federal, para beneficiar as unidades residenciais de fam\u00edlias com baixa renda.\",\"breadcrumb\":{\"@id\":\"https:\/\/www.eletrocarv.com.br\/blog\/o-que-e-tarifa-social-de-energia-eletrica\/#breadcrumb\"},\"inLanguage\":\"pt-BR\",\"potentialAction\":[{\"@type\":\"ReadAction\",\"target\":[\"https:\/\/www.eletrocarv.com.br\/blog\/o-que-e-tarifa-social-de-energia-eletrica\/\"]}]},{\"@type\":\"BreadcrumbList\",\"@id\":\"https:\/\/www.eletrocarv.com.br\/blog\/o-que-e-tarifa-social-de-energia-eletrica\/#breadcrumb\",\"itemListElement\":[{\"@type\":\"ListItem\",\"position\":1,\"name\":\"In\u00edcio\",\"item\":\"https:\/\/www.eletrocarv.com.br\/blog\/\"},{\"@type\":\"ListItem\",\"position\":2,\"name\":\"O que \u00e9 tarifa social de energia el\u00e9trica?\"}]},{\"@type\":\"Person\",\"@id\":\"https:\/\/www.eletrocarv.com.br\/blog\/#\/schema\/person\/7f9a2712f7b45991f746f3c0446347e7\",\"name\":\"pw_webmaster_developer\",\"image\":{\"@type\":\"ImageObject\",\"inLanguage\":\"pt-BR\",\"@id\":\"https:\/\/www.eletrocarv.com.br\/blog\/#\/schema\/person\/image\/\",\"url\":\"https:\/\/secure.gravatar.com\/avatar\/907984482a416b7788118fd52f105197?s=96&d=mm&r=g\",\"contentUrl\":\"https:\/\/secure.gravatar.com\/avatar\/907984482a416b7788118fd52f105197?s=96&d=mm&r=g\",\"caption\":\"pw_webmaster_developer\"},\"url\":\"https:\/\/www.eletrocarv.com.br\/blog\/author\/pw_webmaster_developer\/\"}]}<\/script>\n<!-- \/ Yoast SEO plugin. -->","yoast_head_json":{"title":"O que \u00e9 tarifa social de energia el\u00e9trica?","description":"Tarifa social de energia el\u00e9trica, um benef\u00edcio social, criado pelo Governo Federal, para beneficiar as unidades residenciais de fam\u00edlias com baixa renda.","robots":{"index":"index","follow":"follow","max-snippet":"max-snippet:-1","max-image-preview":"max-image-preview:large","max-video-preview":"max-video-preview:-1"},"canonical":"https:\/\/www.eletrocarv.com.br\/blog\/o-que-e-tarifa-social-de-energia-eletrica\/","og_locale":"pt_BR","og_type":"article","og_title":"O que \u00e9 tarifa social de energia el\u00e9trica?","og_description":"Tarifa social de energia el\u00e9trica, um benef\u00edcio social, criado pelo Governo Federal, para beneficiar as unidades residenciais de fam\u00edlias com baixa renda.","og_url":"https:\/\/www.eletrocarv.com.br\/blog\/o-que-e-tarifa-social-de-energia-eletrica\/","og_site_name":"Solu\u00e7\u00f5es El\u00e9tricas - Blog","article_published_time":"2022-07-25T17:30:21+00:00","article_modified_time":"2022-08-04T20:29:52+00:00","og_image":[{"width":998,"height":662,"url":"https:\/\/www.eletrocarv.com.br\/blog\/wp-content\/uploads\/2022\/07\/tarifa-social-de-energia-eletrica.jpg","type":"image\/jpeg"}],"author":"pw_webmaster_developer","twitter_card":"summary_large_image","twitter_misc":{"Escrito por":"pw_webmaster_developer","Est. tempo de leitura":"3 minutos"},"schema":{"@context":"https:\/\/schema.org","@graph":[{"@type":"WebSite","@id":"https:\/\/www.eletrocarv.com.br\/blog\/#website","url":"https:\/\/www.eletrocarv.com.br\/blog\/","name":"Solu\u00e7\u00f5es El\u00e9tricas - Blog","description":"","potentialAction":[{"@type":"SearchAction","target":{"@type":"EntryPoint","urlTemplate":"https:\/\/www.eletrocarv.com.br\/blog\/?s={search_term_string}"},"query-input":"required name=search_term_string"}],"inLanguage":"pt-BR"},{"@type":"ImageObject","inLanguage":"pt-BR","@id":"https:\/\/www.eletrocarv.com.br\/blog\/o-que-e-tarifa-social-de-energia-eletrica\/#primaryimage","url":"https:\/\/www.eletrocarv.com.br\/blog\/wp-content\/uploads\/2022\/07\/tarifa-social-de-energia-eletrica.jpg","contentUrl":"https:\/\/www.eletrocarv.com.br\/blog\/wp-content\/uploads\/2022\/07\/tarifa-social-de-energia-eletrica.jpg","width":998,"height":662,"caption":"O que \u00e9 tarifa social de energia el\u00e9trica?"},{"@type":"WebPage","@id":"https:\/\/www.eletrocarv.com.br\/blog\/o-que-e-tarifa-social-de-energia-eletrica\/","url":"https:\/\/www.eletrocarv.com.br\/blog\/o-que-e-tarifa-social-de-energia-eletrica\/","name":"O que \u00e9 tarifa social de energia el\u00e9trica?","isPartOf":{"@id":"https:\/\/www.eletrocarv.com.br\/blog\/#website"},"primaryImageOfPage":{"@id":"https:\/\/www.eletrocarv.com.br\/blog\/o-que-e-tarifa-social-de-energia-eletrica\/#primaryimage"},"datePublished":"2022-07-25T17:30:21+00:00","dateModified":"2022-08-04T20:29:52+00:00","author":{"@id":"https:\/\/www.eletrocarv.com.br\/blog\/#\/schema\/person\/7f9a2712f7b45991f746f3c0446347e7"},"description":"Tarifa social de energia el\u00e9trica, um benef\u00edcio social, criado pelo Governo Federal, para beneficiar as unidades residenciais de fam\u00edlias com baixa renda.","breadcrumb":{"@id":"https:\/\/www.eletrocarv.com.br\/blog\/o-que-e-tarifa-social-de-energia-eletrica\/#breadcrumb"},"inLanguage":"pt-BR","potentialAction":[{"@type":"ReadAction","target":["https:\/\/www.eletrocarv.com.br\/blog\/o-que-e-tarifa-social-de-energia-eletrica\/"]}]},{"@type":"BreadcrumbList","@id":"https:\/\/www.eletrocarv.com.br\/blog\/o-que-e-tarifa-social-de-energia-eletrica\/#breadcrumb","itemListElement":[{"@type":"ListItem","position":1,"name":"In\u00edcio","item":"https:\/\/www.eletrocarv.com.br\/blog\/"},{"@type":"ListItem","position":2,"name":"O que \u00e9 tarifa social de energia el\u00e9trica?"}]},{"@type":"Person","@id":"https:\/\/www.eletrocarv.com.br\/blog\/#\/schema\/person\/7f9a2712f7b45991f746f3c0446347e7","name":"pw_webmaster_developer","image":{"@type":"ImageObject","inLanguage":"pt-BR","@id":"https:\/\/www.eletrocarv.com.br\/blog\/#\/schema\/person\/image\/","url":"https:\/\/secure.gravatar.com\/avatar\/907984482a416b7788118fd52f105197?s=96&d=mm&r=g","contentUrl":"https:\/\/secure.gravatar.com\/avatar\/907984482a416b7788118fd52f105197?s=96&d=mm&r=g","caption":"pw_webmaster_developer"},"url":"https:\/\/www.eletrocarv.com.br\/blog\/author\/pw_webmaster_developer\/"}]}},"_links":{"self":[{"href":"https:\/\/www.eletrocarv.com.br\/blog\/wp-json\/wp\/v2\/posts\/83"}],"collection":[{"href":"https:\/\/www.eletrocarv.com.br\/blog\/wp-json\/wp\/v2\/posts"}],"about":[{"href":"https:\/\/www.eletrocarv.com.br\/blog\/wp-json\/wp\/v2\/types\/post"}],"author":[{"embeddable":true,"href":"https:\/\/www.eletrocarv.com.br\/blog\/wp-json\/wp\/v2\/users\/4"}],"replies":[{"embeddable":true,"href":"https:\/\/www.eletrocarv.com.br\/blog\/wp-json\/wp\/v2\/comments?post=83"}],"version-history":[{"count":4,"href":"https:\/\/www.eletrocarv.com.br\/blog\/wp-json\/wp\/v2\/posts\/83\/revisions"}],"predecessor-version":[{"id":107,"href":"https:\/\/www.eletrocarv.com.br\/blog\/wp-json\/wp\/v2\/posts\/83\/revisions\/107"}],"wp:featuredmedia":[{"embeddable":true,"href":"https:\/\/www.eletrocarv.com.br\/blog\/wp-json\/wp\/v2\/media\/87"}],"wp:attachment":[{"href":"https:\/\/www.eletrocarv.com.br\/blog\/wp-json\/wp\/v2\/media?parent=83"}],"wp:term":[{"taxonomy":"category","embeddable":true,"href":"https:\/\/www.eletrocarv.com.br\/blog\/wp-json\/wp\/v2\/categories?post=83"},{"taxonomy":"post_tag","embeddable":true,"href":"https:\/\/www.eletrocarv.com.br\/blog\/wp-json\/wp\/v2\/tags?post=83"}],"curies":[{"name":"wp","href":"https:\/\/api.w.org\/{rel}","templated":true}]}}